{"id":123,"date":"2022-09-19T20:42:34","date_gmt":"2022-09-19T20:42:34","guid":{"rendered":"https:\/\/www.zilelemaghiaretm.ro\/2022\/?p=123"},"modified":"2022-09-19T20:42:34","modified_gmt":"2022-09-19T20:42:34","slug":"formatia-csik-gabor-presser-janos-karacsony-a-dal-a-mienk-melodia-e-a-noastra","status":"publish","type":"post","link":"https:\/\/www.zilelemaghiaretm.ro\/2022\/2022\/09\/19\/formatia-csik-gabor-presser-janos-karacsony-a-dal-a-mienk-melodia-e-a-noastra\/","title":{"rendered":"Forma\u021bia Cs\u00edk  \u2013 G\u00e1bor Presser \u2013 J\u00e1nos Kar\u00e1csony: A dal a mi\u00e9nk (Melodia e a noastr\u0103)"},"content":{"rendered":"\n<p>Organizator: Asocia\u021bia Bastion<br>Loca\u021bia: Pia\u021ba Operei, scena mare<\/p>\n\n\n\n<p><br>forma\u021bia Cs\u00edk s-a angajat \u00eentr-un proiect interesant. P\u00e2n\u0103 acum nu au scos niciun album care s\u0103 con\u021bin\u0103 doar prelucr\u0103ri, \u0219i acestea spicuite din c\u00e2ntecele unei singure forma\u021bii!<br>Pe albulmul intitulat A dal a mi\u00e9nk \u2013 Melodia este a noastr\u0103 ap\u0103rut \u00een 2020 sunt compozi\u021bii ale forma\u021biei LGT \u00een stilul at\u00e2t de caracteristic lor, marcat de puternice influen\u021be de muzic\u0103 popular\u0103. Forma\u021bia Cs\u00edk, G\u00e1bor Presser \u0219i J\u00e1nos Kar\u00e1csony prezint\u0103 albumul ap\u0103rut \u00een 2020, \u00eentr-un turneu intern \u0219i peste hotare, de doi ani. Una din sta\u021biile de seam\u0103 fiind data de 25 septembrie 2022, la Zilele Maghiare din Timi\u0219oara.<br>Concertul de aproape 120 de minute, completat de o tehnic\u0103 vizual\u0103 unic\u0103, \u00eentr-o ambian\u021b\u0103 veritabil\u0103 a forma\u021biei Cs\u00edk, va interpreta melodiile forma\u021biei LGT de 50 de ani, demonstr\u00e2nd \u0219i prin asta publicului, c\u0103 fie vorba de muzic\u0103 sau de show scenic, tradi\u021bionalul \u0219i modernul nu numai c\u0103 se \u00eempac\u0103, dar \u00een fuziunea corespunz\u0103toare poate crea o lume cu totul nou\u0103 \u00een acest secol 21.<\/p>\n","protected":false},"excerpt":{"rendered":"<p>Organizator: Asocia\u021bia BastionLoca\u021bia: Pia\u021ba Operei, scena mare forma\u021bia Cs\u00edk s-a angajat \u00eentr-un proiect interesant. P\u00e2n\u0103 acum nu au scos niciun album care s\u0103 con\u021bin\u0103 doar prelucr\u0103ri, \u0219i acestea spicuite din c\u00e2ntecele unei singure forma\u021bii!Pe albulmul intitulat A dal a mi\u00e9nk \u2013 Melodia este a noastr\u0103 ap\u0103rut \u00een 2020 sunt compozi\u021bii ale forma\u021biei LGT \u00een stilul [&hellip;]<\/p>\n","protected":false},"author":1,"featured_media":114,"comment_status":"closed","ping_status":"","sticky":false,"template":"","format":"standard","meta":{"footnotes":""},"categories":[1],"tags":[],"class_list":["post-123","post","type-post","status-publish","format-standard","has-post-thumbnail","hentry","category-uncategorized"],"_links":{"self":[{"href":"https:\/\/www.zilelemaghiaretm.ro\/2022\/wp-json\/wp\/v2\/posts\/123","targetHints":{"allow":["GET"]}}],"collection":[{"href":"https:\/\/www.zilelemaghiaretm.ro\/2022\/wp-json\/wp\/v2\/posts"}],"about":[{"href":"https:\/\/www.zilelemaghiaretm.ro\/2022\/wp-json\/wp\/v2\/types\/post"}],"author":[{"embeddable":true,"href":"https:\/\/www.zilelemaghiaretm.ro\/2022\/wp-json\/wp\/v2\/users\/1"}],"replies":[{"embeddable":true,"href":"https:\/\/www.zilelemaghiaretm.ro\/2022\/wp-json\/wp\/v2\/comments?post=123"}],"version-history":[{"count":1,"href":"https:\/\/www.zilelemaghiaretm.ro\/2022\/wp-json\/wp\/v2\/posts\/123\/revisions"}],"predecessor-version":[{"id":124,"href":"https:\/\/www.zilelemaghiaretm.ro\/2022\/wp-json\/wp\/v2\/posts\/123\/revisions\/124"}],"wp:featuredmedia":[{"embeddable":true,"href":"https:\/\/www.zilelemaghiaretm.ro\/2022\/wp-json\/wp\/v2\/media\/114"}],"wp:attachment":[{"href":"https:\/\/www.zilelemaghiaretm.ro\/2022\/wp-json\/wp\/v2\/media?parent=123"}],"wp:term":[{"taxonomy":"category","embeddable":true,"href":"https:\/\/www.zilelemaghiaretm.ro\/2022\/wp-json\/wp\/v2\/categories?post=123"},{"taxonomy":"post_tag","embeddable":true,"href":"https:\/\/www.zilelemaghiaretm.ro\/2022\/wp-json\/wp\/v2\/tags?post=123"}],"curies":[{"name":"wp","href":"https:\/\/api.w.org\/{rel}","templated":true}]}}