{"id":316,"date":"2022-09-23T21:07:33","date_gmt":"2022-09-23T21:07:33","guid":{"rendered":"https:\/\/www.zilelemaghiaretm.ro\/2022\/?p=316"},"modified":"2022-09-23T21:07:33","modified_gmt":"2022-09-23T21:07:33","slug":"turul-cilcist-bartok-2022-am-mers-cu-bicileta-dincolo-de-granitele-noastre","status":"publish","type":"post","link":"https:\/\/www.zilelemaghiaretm.ro\/2022\/2022\/09\/23\/turul-cilcist-bartok-2022-am-mers-cu-bicileta-dincolo-de-granitele-noastre\/","title":{"rendered":"Turul cilcist Bart\u00f3k, 2022. Am mers cu bicileta dincolo de grani\u021bele noastre."},"content":{"rendered":"\n<p>Ziua: s\u00e2mb\u0103t\u0103, 14:00\u201315:30<br>Loca\u021bia: Centru Jude\u021bean de Cultur\u0103<br>Organizator: Asocia\u021bia Bastion<br>Moderator: Keresztes P\u00e9ter<\/p>\n\n\n\n<p><br><strong>Retrospectiv\u0103 foto-video a primului tur ciclist Bart\u00f3k<\/strong>.<br>A merge cu bicicleta de la Timi\u0219oara la Szeged \u0219i \u00eenapoi \u00een dou\u0103 zile, pe 30 de grade \u0219i cu v\u00e2nt din fa\u021b\u0103 este o performan\u021b\u0103 remarcabil\u0103, mai ales \u00een condi\u021biile \u00een care \u201eferrari\u0219tii\u201d te trag \u0219i poli\u021bi\u0219tii te \u00eemping. Dar m\u0103car e\u0219ti servit de stewardese la fiecare 30 de km\u2026 Turul ciclist Bart\u00f3k organizat pentru prima dat\u0103 anul acesta \u2013 care a fost totodat\u0103 \u0219i un concurs \u2013 a format rela\u021bii, a abordat aspecte de protec\u021bia mediului, a oferit delicatese istorice, culinare \u0219i culturale. La discu\u021bii vor fi prezen\u021bi participan\u021bi \u0219i organizatori pentru a stimula pofta audien\u021bei de a participa la edi\u021bia de anul viitor.<\/p>\n","protected":false},"excerpt":{"rendered":"<p>Ziua: s\u00e2mb\u0103t\u0103, 14:00\u201315:30Loca\u021bia: Centru Jude\u021bean de Cultur\u0103Organizator: Asocia\u021bia BastionModerator: Keresztes P\u00e9ter Retrospectiv\u0103 foto-video a primului tur ciclist Bart\u00f3k.A merge cu bicicleta de la Timi\u0219oara la Szeged \u0219i \u00eenapoi \u00een dou\u0103 zile, pe 30 de grade \u0219i cu v\u00e2nt din fa\u021b\u0103 este o performan\u021b\u0103 remarcabil\u0103, mai ales \u00een condi\u021biile \u00een care \u201eferrari\u0219tii\u201d te trag \u0219i poli\u021bi\u0219tii [&hellip;]<\/p>\n","protected":false},"author":1,"featured_media":317,"comment_status":"closed","ping_status":"","sticky":false,"template":"","format":"standard","meta":{"footnotes":""},"categories":[1],"tags":[],"class_list":["post-316","post","type-post","status-publish","format-standard","has-post-thumbnail","hentry","category-uncategorized"],"_links":{"self":[{"href":"https:\/\/www.zilelemaghiaretm.ro\/2022\/wp-json\/wp\/v2\/posts\/316","targetHints":{"allow":["GET"]}}],"collection":[{"href":"https:\/\/www.zilelemaghiaretm.ro\/2022\/wp-json\/wp\/v2\/posts"}],"about":[{"href":"https:\/\/www.zilelemaghiaretm.ro\/2022\/wp-json\/wp\/v2\/types\/post"}],"author":[{"embeddable":true,"href":"https:\/\/www.zilelemaghiaretm.ro\/2022\/wp-json\/wp\/v2\/users\/1"}],"replies":[{"embeddable":true,"href":"https:\/\/www.zilelemaghiaretm.ro\/2022\/wp-json\/wp\/v2\/comments?post=316"}],"version-history":[{"count":1,"href":"https:\/\/www.zilelemaghiaretm.ro\/2022\/wp-json\/wp\/v2\/posts\/316\/revisions"}],"predecessor-version":[{"id":320,"href":"https:\/\/www.zilelemaghiaretm.ro\/2022\/wp-json\/wp\/v2\/posts\/316\/revisions\/320"}],"wp:featuredmedia":[{"embeddable":true,"href":"https:\/\/www.zilelemaghiaretm.ro\/2022\/wp-json\/wp\/v2\/media\/317"}],"wp:attachment":[{"href":"https:\/\/www.zilelemaghiaretm.ro\/2022\/wp-json\/wp\/v2\/media?parent=316"}],"wp:term":[{"taxonomy":"category","embeddable":true,"href":"https:\/\/www.zilelemaghiaretm.ro\/2022\/wp-json\/wp\/v2\/categories?post=316"},{"taxonomy":"post_tag","embeddable":true,"href":"https:\/\/www.zilelemaghiaretm.ro\/2022\/wp-json\/wp\/v2\/tags?post=316"}],"curies":[{"name":"wp","href":"https:\/\/api.w.org\/{rel}","templated":true}]}}